{"id":1055,"date":"2016-04-18T20:22:45","date_gmt":"2016-04-18T19:22:45","guid":{"rendered":"https:\/\/maisdonsursevre-steanne.fr\/?p=1055"},"modified":"2025-11-20T19:58:39","modified_gmt":"2025-11-20T18:58:39","slug":"carnaval-3","status":"publish","type":"post","link":"https:\/\/maisdonsursevre-steanne.fr\/?p=1055","title":{"rendered":"Carnaval"},"content":{"rendered":"<p>Le 5 mars, nous avons fait le carnaval.<\/p>\n<p>Nous sommes venus \u00e0 l&#8217;\u00e9cole et nous avons travaill\u00e9 de 9 h \u00e011 h.\u00a0 Puis les gar\u00e7ons sont all\u00e9s dans la classe des CM2 et les filles dans la classe de CM1 pour se changer et mettre les costumes.<\/p>\n<p>Nous avions diff\u00e9rents costumes: cowboy, bouteille d&#8217;eau, fluo, lapin, robot, super h\u00e9ros\u00a0et notre ch\u00e8re maitresse en Viking et elle voulait nous attaquer pour rigoler!!!!!!<\/p>\n<p>Le d\u00e9fil\u00e9 a commenc\u00e9 \u00e0 l&#8217;\u00e9cole, nous \u00e9tions avec nos filleuls, nous sommes all\u00e9s devant l&#8217;\u00e9glise et dans les rues de Maisdon.<\/p>\n<p><a href=\"https:\/\/maisdonsursevre-steanne.fr\/wp-content\/uploads\/2016\/04\/IMG_3718.jpg\"><img loading=\"lazy\" decoding=\"async\" class=\"alignnone size-medium wp-image-1056\" src=\"https:\/\/maisdonsursevre-steanne.fr\/wp-content\/uploads\/2016\/04\/IMG_3718-300x200.jpg\" alt=\"carnaval cm1\" width=\"300\" height=\"200\" srcset=\"https:\/\/maisdonsursevre-steanne.fr\/wp-content\/uploads\/2016\/04\/IMG_3718-300x200.jpg 300w, https:\/\/maisdonsursevre-steanne.fr\/wp-content\/uploads\/2016\/04\/IMG_3718-768x512.jpg 768w, https:\/\/maisdonsursevre-steanne.fr\/wp-content\/uploads\/2016\/04\/IMG_3718-1024x683.jpg 1024w, https:\/\/maisdonsursevre-steanne.fr\/wp-content\/uploads\/2016\/04\/IMG_3718-600x400.jpg 600w, https:\/\/maisdonsursevre-steanne.fr\/wp-content\/uploads\/2016\/04\/IMG_3718-960x640.jpg 960w, https:\/\/maisdonsursevre-steanne.fr\/wp-content\/uploads\/2016\/04\/IMG_3718-480x320.jpg 480w, https:\/\/maisdonsursevre-steanne.fr\/wp-content\/uploads\/2016\/04\/IMG_3718-320x213.jpg 320w, https:\/\/maisdonsursevre-steanne.fr\/wp-content\/uploads\/2016\/04\/IMG_3718-240x160.jpg 240w, https:\/\/maisdonsursevre-steanne.fr\/wp-content\/uploads\/2016\/04\/IMG_3718.jpg 2048w\" sizes=\"(max-width: 300px) 100vw, 300px\" \/><\/a><\/p>\n<p>&nbsp;<\/p>\n<p>&nbsp;<\/p>\n<p>Lucas, In\u00e8s, Tim\u00e9a, Dorian<\/p>\n","protected":false},"excerpt":{"rendered":"<p>Le 5 mars, nous avons fait le carnaval. Nous sommes venus \u00e0 l&#8217;\u00e9cole et nous avons travaill\u00e9 de 9 h \u00e011 h.\u00a0 Puis les gar\u00e7ons sont all\u00e9s dans la classe des CM2 et les filles dans la classe de CM1 pour se changer et mettre les costumes. Nous avions diff\u00e9rents costumes: cowboy, bouteille d&#8217;eau, fluo,&hellip; <br \/> <a class=\"read-more\" href=\"https:\/\/maisdonsursevre-steanne.fr\/?p=1055\">Lire la suite<\/a><\/p>\n","protected":false},"author":11,"featured_media":0,"comment_status":"closed","ping_status":"closed","sticky":false,"template":"","format":"standard","meta":{"ngg_post_thumbnail":0,"footnotes":""},"categories":[9],"tags":[],"_links":{"self":[{"href":"https:\/\/maisdonsursevre-steanne.fr\/index.php?rest_route=\/wp\/v2\/posts\/1055"}],"collection":[{"href":"https:\/\/maisdonsursevre-steanne.fr\/index.php?rest_route=\/wp\/v2\/posts"}],"about":[{"href":"https:\/\/maisdonsursevre-steanne.fr\/index.php?rest_route=\/wp\/v2\/types\/post"}],"author":[{"embeddable":true,"href":"https:\/\/maisdonsursevre-steanne.fr\/index.php?rest_route=\/wp\/v2\/users\/11"}],"replies":[{"embeddable":true,"href":"https:\/\/maisdonsursevre-steanne.fr\/index.php?rest_route=%2Fwp%2Fv2%2Fcomments&post=1055"}],"version-history":[{"count":1,"href":"https:\/\/maisdonsursevre-steanne.fr\/index.php?rest_route=\/wp\/v2\/posts\/1055\/revisions"}],"predecessor-version":[{"id":6413,"href":"https:\/\/maisdonsursevre-steanne.fr\/index.php?rest_route=\/wp\/v2\/posts\/1055\/revisions\/6413"}],"wp:attachment":[{"href":"https:\/\/maisdonsursevre-steanne.fr\/index.php?rest_route=%2Fwp%2Fv2%2Fmedia&parent=1055"}],"wp:term":[{"taxonomy":"category","embeddable":true,"href":"https:\/\/maisdonsursevre-steanne.fr\/index.php?rest_route=%2Fwp%2Fv2%2Fcategories&post=1055"},{"taxonomy":"post_tag","embeddable":true,"href":"https:\/\/maisdonsursevre-steanne.fr\/index.php?rest_route=%2Fwp%2Fv2%2Ftags&post=1055"}],"curies":[{"name":"wp","href":"https:\/\/api.w.org\/{rel}","templated":true}]}}