{"id":1052,"date":"2016-04-18T17:16:17","date_gmt":"2016-04-18T16:16:17","guid":{"rendered":"https:\/\/maisdonsursevre-steanne.fr\/?p=1052"},"modified":"2025-11-20T19:58:43","modified_gmt":"2025-11-20T18:58:43","slug":"bande-dessinee","status":"publish","type":"post","link":"https:\/\/maisdonsursevre-steanne.fr\/?p=1052","title":{"rendered":"Bande dessin\u00e9e"},"content":{"rendered":"<p>Notre classe a travaill\u00e9 sur un projet: r\u00e9aliser une bande dessin\u00e9e. C&#8217;\u00e9tait notre travail en r\u00e9daction car nous avions \u00e9tudi\u00e9 M\u00e9lusine en litt\u00e9rature.<\/p>\n<p>Chaque \u00e9l\u00e8ve a \u00e9crit et dessin\u00e9 sa planche de BD. Nous devions faire une histoire dr\u00f4le avec une chute. Nous avons fait un premier jet, puis nous avons corrig\u00e9 et refait notre planche au propre.<\/p>\n<p>Coralie, Ilan, Flora, Camille, Ana\u00eblle et Tim\u00e9a ont pr\u00e9sent\u00e9 une couverture pour notre bande dessin\u00e9e.<\/p>\n<p>Le midi du 1er avril, les maitresses ont vot\u00e9 pour la couverture de notre bande dessin\u00e9e. Camille a gagn\u00e9 et c&#8217;est son dessin qui est en couverture de notre livre.<\/p>\n<p>Apr\u00e8s les vacances, chaque \u00e9l\u00e8ve de la classe apportera le livre avec toutes les planches \u00e0 la maison pour lire les histoires des copains de la classe.<\/p>\n<p>Prune, Maxence, Flora, Ana\u00eblle<\/p>\n","protected":false},"excerpt":{"rendered":"<p>Notre classe a travaill\u00e9 sur un projet: r\u00e9aliser une bande dessin\u00e9e. C&#8217;\u00e9tait notre travail en r\u00e9daction car nous avions \u00e9tudi\u00e9 M\u00e9lusine en litt\u00e9rature. Chaque \u00e9l\u00e8ve a \u00e9crit et dessin\u00e9 sa planche de BD. Nous devions faire une histoire dr\u00f4le avec une chute. Nous avons fait un premier jet, puis nous avons corrig\u00e9 et refait notre&hellip; <br \/> <a class=\"read-more\" href=\"https:\/\/maisdonsursevre-steanne.fr\/?p=1052\">Lire la suite<\/a><\/p>\n","protected":false},"author":11,"featured_media":0,"comment_status":"closed","ping_status":"closed","sticky":false,"template":"","format":"standard","meta":{"ngg_post_thumbnail":0,"footnotes":""},"categories":[9],"tags":[],"_links":{"self":[{"href":"https:\/\/maisdonsursevre-steanne.fr\/index.php?rest_route=\/wp\/v2\/posts\/1052"}],"collection":[{"href":"https:\/\/maisdonsursevre-steanne.fr\/index.php?rest_route=\/wp\/v2\/posts"}],"about":[{"href":"https:\/\/maisdonsursevre-steanne.fr\/index.php?rest_route=\/wp\/v2\/types\/post"}],"author":[{"embeddable":true,"href":"https:\/\/maisdonsursevre-steanne.fr\/index.php?rest_route=\/wp\/v2\/users\/11"}],"replies":[{"embeddable":true,"href":"https:\/\/maisdonsursevre-steanne.fr\/index.php?rest_route=%2Fwp%2Fv2%2Fcomments&post=1052"}],"version-history":[{"count":1,"href":"https:\/\/maisdonsursevre-steanne.fr\/index.php?rest_route=\/wp\/v2\/posts\/1052\/revisions"}],"predecessor-version":[{"id":6414,"href":"https:\/\/maisdonsursevre-steanne.fr\/index.php?rest_route=\/wp\/v2\/posts\/1052\/revisions\/6414"}],"wp:attachment":[{"href":"https:\/\/maisdonsursevre-steanne.fr\/index.php?rest_route=%2Fwp%2Fv2%2Fmedia&parent=1052"}],"wp:term":[{"taxonomy":"category","embeddable":true,"href":"https:\/\/maisdonsursevre-steanne.fr\/index.php?rest_route=%2Fwp%2Fv2%2Fcategories&post=1052"},{"taxonomy":"post_tag","embeddable":true,"href":"https:\/\/maisdonsursevre-steanne.fr\/index.php?rest_route=%2Fwp%2Fv2%2Ftags&post=1052"}],"curies":[{"name":"wp","href":"https:\/\/api.w.org\/{rel}","templated":true}]}}