{"id":1044,"date":"2016-04-18T16:57:12","date_gmt":"2016-04-18T15:57:12","guid":{"rendered":"https:\/\/maisdonsursevre-steanne.fr\/?p=1044"},"modified":"2025-11-20T19:58:51","modified_gmt":"2025-11-20T18:58:51","slug":"masque","status":"publish","type":"post","link":"https:\/\/maisdonsursevre-steanne.fr\/?p=1044","title":{"rendered":"Masque"},"content":{"rendered":"<p><a href=\"https:\/\/maisdonsursevre-steanne.fr\/wp-content\/uploads\/2016\/04\/IMG_0021.jpg\"><img loading=\"lazy\" decoding=\"async\" class=\"alignnone size-medium wp-image-1045\" src=\"https:\/\/maisdonsursevre-steanne.fr\/wp-content\/uploads\/2016\/04\/IMG_0021-300x169.jpg\" alt=\"IMG_0021\" width=\"300\" height=\"169\" srcset=\"https:\/\/maisdonsursevre-steanne.fr\/wp-content\/uploads\/2016\/04\/IMG_0021-300x169.jpg 300w, https:\/\/maisdonsursevre-steanne.fr\/wp-content\/uploads\/2016\/04\/IMG_0021-768x432.jpg 768w, https:\/\/maisdonsursevre-steanne.fr\/wp-content\/uploads\/2016\/04\/IMG_0021-1024x576.jpg 1024w, https:\/\/maisdonsursevre-steanne.fr\/wp-content\/uploads\/2016\/04\/IMG_0021-600x338.jpg 600w, https:\/\/maisdonsursevre-steanne.fr\/wp-content\/uploads\/2016\/04\/IMG_0021.jpg 2048w\" sizes=\"(max-width: 300px) 100vw, 300px\" \/><\/a><\/p>\n<p>A l&#8217;\u00e9cole, nous avons travaill\u00e9 sur la sym\u00e9trie. Du coup, en arts visuels, nous avons r\u00e9alis\u00e9 des masques inspir\u00e9s des arts premiers. Nous avons observ\u00e9 des masques africains apport\u00e9s par Camille et Maxence. Nous avons vu que les masques utilisaient la sym\u00e9trie.<\/p>\n<p>Nous avons fait des masques ovales ou ronds avec un cadre. Nous avons pass\u00e9 beaucoup de temps pour les faire!\u00a0Puis nous avons coll\u00e9 nos dessins sur une feuille noire. Tous les masques sont tr\u00e8s diff\u00e9rents et tr\u00e8s jolis.<\/p>\n<p>Camille, Eva, Audrey, Lisa<\/p>\n","protected":false},"excerpt":{"rendered":"<p>A l&#8217;\u00e9cole, nous avons travaill\u00e9 sur la sym\u00e9trie. Du coup, en arts visuels, nous avons r\u00e9alis\u00e9 des masques inspir\u00e9s des arts premiers. Nous avons observ\u00e9 des masques africains apport\u00e9s par Camille et Maxence. Nous avons vu que les masques utilisaient la sym\u00e9trie. Nous avons fait des masques ovales ou ronds avec un cadre. Nous avons&hellip; <br \/> <a class=\"read-more\" href=\"https:\/\/maisdonsursevre-steanne.fr\/?p=1044\">Lire la suite<\/a><\/p>\n","protected":false},"author":11,"featured_media":0,"comment_status":"closed","ping_status":"closed","sticky":false,"template":"","format":"standard","meta":{"ngg_post_thumbnail":0,"footnotes":""},"categories":[9],"tags":[],"_links":{"self":[{"href":"https:\/\/maisdonsursevre-steanne.fr\/index.php?rest_route=\/wp\/v2\/posts\/1044"}],"collection":[{"href":"https:\/\/maisdonsursevre-steanne.fr\/index.php?rest_route=\/wp\/v2\/posts"}],"about":[{"href":"https:\/\/maisdonsursevre-steanne.fr\/index.php?rest_route=\/wp\/v2\/types\/post"}],"author":[{"embeddable":true,"href":"https:\/\/maisdonsursevre-steanne.fr\/index.php?rest_route=\/wp\/v2\/users\/11"}],"replies":[{"embeddable":true,"href":"https:\/\/maisdonsursevre-steanne.fr\/index.php?rest_route=%2Fwp%2Fv2%2Fcomments&post=1044"}],"version-history":[{"count":1,"href":"https:\/\/maisdonsursevre-steanne.fr\/index.php?rest_route=\/wp\/v2\/posts\/1044\/revisions"}],"predecessor-version":[{"id":6417,"href":"https:\/\/maisdonsursevre-steanne.fr\/index.php?rest_route=\/wp\/v2\/posts\/1044\/revisions\/6417"}],"wp:attachment":[{"href":"https:\/\/maisdonsursevre-steanne.fr\/index.php?rest_route=%2Fwp%2Fv2%2Fmedia&parent=1044"}],"wp:term":[{"taxonomy":"category","embeddable":true,"href":"https:\/\/maisdonsursevre-steanne.fr\/index.php?rest_route=%2Fwp%2Fv2%2Fcategories&post=1044"},{"taxonomy":"post_tag","embeddable":true,"href":"https:\/\/maisdonsursevre-steanne.fr\/index.php?rest_route=%2Fwp%2Fv2%2Ftags&post=1044"}],"curies":[{"name":"wp","href":"https:\/\/api.w.org\/{rel}","templated":true}]}}