{"id":1018,"date":"2016-03-11T14:39:13","date_gmt":"2016-03-11T13:39:13","guid":{"rendered":"https:\/\/maisdonsursevre-steanne.fr\/?p=1018"},"modified":"2025-11-20T19:58:56","modified_gmt":"2025-11-20T18:58:56","slug":"concert","status":"publish","type":"post","link":"https:\/\/maisdonsursevre-steanne.fr\/?p=1018","title":{"rendered":"Concert"},"content":{"rendered":"<p>Suite \u00e0 nos cours de chant avec C\u00e9line, jeudi 10 mars, nous avons chant\u00e9 avec les \u00e9l\u00e8ves de la classe de M\u00e9lanie devant les autres \u00e9l\u00e8ves de l&#8217;\u00e9cole, les chants que nous avions appris.<\/p>\n<p>Voici quelques photos.<\/p>\n<p>&nbsp;<\/p>\nngg_shortcode_0_placeholder\n","protected":false},"excerpt":{"rendered":"<p>Suite \u00e0 nos cours de chant avec C\u00e9line, jeudi 10 mars, nous avons chant\u00e9 avec les \u00e9l\u00e8ves de la classe de M\u00e9lanie devant les autres \u00e9l\u00e8ves de l&#8217;\u00e9cole, les chants que nous avions appris. Voici quelques photos. &nbsp; &nbsp;<\/p>\n","protected":false},"author":11,"featured_media":0,"comment_status":"closed","ping_status":"closed","sticky":false,"template":"","format":"standard","meta":{"ngg_post_thumbnail":0,"footnotes":""},"categories":[9],"tags":[],"_links":{"self":[{"href":"https:\/\/maisdonsursevre-steanne.fr\/index.php?rest_route=\/wp\/v2\/posts\/1018"}],"collection":[{"href":"https:\/\/maisdonsursevre-steanne.fr\/index.php?rest_route=\/wp\/v2\/posts"}],"about":[{"href":"https:\/\/maisdonsursevre-steanne.fr\/index.php?rest_route=\/wp\/v2\/types\/post"}],"author":[{"embeddable":true,"href":"https:\/\/maisdonsursevre-steanne.fr\/index.php?rest_route=\/wp\/v2\/users\/11"}],"replies":[{"embeddable":true,"href":"https:\/\/maisdonsursevre-steanne.fr\/index.php?rest_route=%2Fwp%2Fv2%2Fcomments&post=1018"}],"version-history":[{"count":1,"href":"https:\/\/maisdonsursevre-steanne.fr\/index.php?rest_route=\/wp\/v2\/posts\/1018\/revisions"}],"predecessor-version":[{"id":6418,"href":"https:\/\/maisdonsursevre-steanne.fr\/index.php?rest_route=\/wp\/v2\/posts\/1018\/revisions\/6418"}],"wp:attachment":[{"href":"https:\/\/maisdonsursevre-steanne.fr\/index.php?rest_route=%2Fwp%2Fv2%2Fmedia&parent=1018"}],"wp:term":[{"taxonomy":"category","embeddable":true,"href":"https:\/\/maisdonsursevre-steanne.fr\/index.php?rest_route=%2Fwp%2Fv2%2Fcategories&post=1018"},{"taxonomy":"post_tag","embeddable":true,"href":"https:\/\/maisdonsursevre-steanne.fr\/index.php?rest_route=%2Fwp%2Fv2%2Ftags&post=1018"}],"curies":[{"name":"wp","href":"https:\/\/api.w.org\/{rel}","templated":true}]}}