{"id":1009,"date":"2016-03-09T14:55:58","date_gmt":"2016-03-09T13:55:58","guid":{"rendered":"https:\/\/maisdonsursevre-steanne.fr\/?p=1009"},"modified":"2025-11-20T19:59:00","modified_gmt":"2025-11-20T18:59:00","slug":"galette","status":"publish","type":"post","link":"https:\/\/maisdonsursevre-steanne.fr\/?p=1009","title":{"rendered":"Galette"},"content":{"rendered":"ngg_shortcode_0_placeholder\n<p>Avec nos filleuls de PS et MS, nous avons fait des galettes.<\/p>\n<p>Il y avait deux groupes. Des \u00e9l\u00e8ves ont fait des galettes \u00e0 la frangipane , les autres ont cuisin\u00e9 des galettes sabl\u00e9es.<\/p>\n<p>Nous devions pr\u00e9parer tous les ingr\u00e9dients et les maternelles devaient verser et m\u00e9langer dans les saladiers.<\/p>\n<p>Nous les aidions un peu car la p\u00e2te \u00e9tait difficile \u00e0 m\u00e9langer parfois.<\/p>\n<p>Pendant que des \u00e9l\u00e8ves cuisinaient, les autres lisaient des histoires ou faisaient des jeux.<\/p>\n<p>Le lendemain, nous avons go\u00fbt\u00e9 nos galettes. Elles \u00e9taient tr\u00e8s bonnes<br \/>\nAlicia, Romain , Ilan et Lisa ont eu la f\u00e8ve et pas les ma\u00eetresses!<\/p>\n<p>Enora, Eva, M\u00e9lina, Ana\u00efs<\/p>\n<p>&nbsp;<\/p>\n","protected":false},"excerpt":{"rendered":"<p>Avec nos filleuls de PS et MS, nous avons fait des galettes. Il y avait deux groupes. Des \u00e9l\u00e8ves ont fait des galettes \u00e0 la frangipane , les autres ont cuisin\u00e9 des galettes sabl\u00e9es. Nous devions pr\u00e9parer tous les ingr\u00e9dients et les maternelles devaient verser et m\u00e9langer dans les saladiers. Nous les aidions un peu&hellip; <br \/> <a class=\"read-more\" href=\"https:\/\/maisdonsursevre-steanne.fr\/?p=1009\">Lire la suite<\/a><\/p>\n","protected":false},"author":11,"featured_media":0,"comment_status":"closed","ping_status":"closed","sticky":false,"template":"","format":"standard","meta":{"ngg_post_thumbnail":0,"footnotes":""},"categories":[9],"tags":[],"_links":{"self":[{"href":"https:\/\/maisdonsursevre-steanne.fr\/index.php?rest_route=\/wp\/v2\/posts\/1009"}],"collection":[{"href":"https:\/\/maisdonsursevre-steanne.fr\/index.php?rest_route=\/wp\/v2\/posts"}],"about":[{"href":"https:\/\/maisdonsursevre-steanne.fr\/index.php?rest_route=\/wp\/v2\/types\/post"}],"author":[{"embeddable":true,"href":"https:\/\/maisdonsursevre-steanne.fr\/index.php?rest_route=\/wp\/v2\/users\/11"}],"replies":[{"embeddable":true,"href":"https:\/\/maisdonsursevre-steanne.fr\/index.php?rest_route=%2Fwp%2Fv2%2Fcomments&post=1009"}],"version-history":[{"count":1,"href":"https:\/\/maisdonsursevre-steanne.fr\/index.php?rest_route=\/wp\/v2\/posts\/1009\/revisions"}],"predecessor-version":[{"id":6419,"href":"https:\/\/maisdonsursevre-steanne.fr\/index.php?rest_route=\/wp\/v2\/posts\/1009\/revisions\/6419"}],"wp:attachment":[{"href":"https:\/\/maisdonsursevre-steanne.fr\/index.php?rest_route=%2Fwp%2Fv2%2Fmedia&parent=1009"}],"wp:term":[{"taxonomy":"category","embeddable":true,"href":"https:\/\/maisdonsursevre-steanne.fr\/index.php?rest_route=%2Fwp%2Fv2%2Fcategories&post=1009"},{"taxonomy":"post_tag","embeddable":true,"href":"https:\/\/maisdonsursevre-steanne.fr\/index.php?rest_route=%2Fwp%2Fv2%2Ftags&post=1009"}],"curies":[{"name":"wp","href":"https:\/\/api.w.org\/{rel}","templated":true}]}}